{"id":2799,"date":"2015-09-06T16:35:31","date_gmt":"2015-09-06T14:35:31","guid":{"rendered":"http:\/\/www.3metcie.fr\/?p=2799"},"modified":"2022-07-08T21:40:27","modified_gmt":"2022-07-08T19:40:27","slug":"pour-la-rentree","status":"publish","type":"post","link":"https:\/\/www.3metcie.fr\/index.php\/2015\/09\/06\/pour-la-rentree\/","title":{"rendered":"Pour la rentr\u00e9e"},"content":{"rendered":"<p style=\"text-align: justify;\">Pour la rentr\u00e9e et les premi\u00e8res fois \u00e0 la cantine de ma mini-poulette, j\u2019ai eu envie de lui coudre des serviettes \u00e9lastiqu\u00e9es, peut-\u00eatre histoire qu\u2019un peu de moi l\u2019accompagne pour ces premi\u00e8res fois. M\u00eame si je ne me faisais pas grand soucis pour ma puce, c\u2019est encore une nouvelle \u00e9tape cette ann\u00e9e, le d\u00e9but de l\u2019\u00e9cole \u00e0 plein temps, l\u2019arr\u00eat de la nounou, les repas \u00e0 la cantine et la garderie certains jours. Pour ma grande, en maternelle, j\u2019avais simplement cousu des \u00e9lastiques \u00e0 des serviettes de la maison et j\u2019avais bien envie cette fois de prendre le temps de coudre\u00a0de jolies serviettes.<\/p>\n<p style=\"text-align: justify;\">C\u2019est ma puce qui a choisi ses motifs et elle voulait que son pr\u00e9nom soit \u00e9crit en grand.<\/p>\n<p style=\"text-align: justify;\"><em>Le soir de la rentr\u00e9e, lorsque je demande \u00e0 ma puce si elle a utilis\u00e9 sa nouvelle serviette. Elle me r\u00e9pond qu\u2019elle a dit \u00e0 la ma\u00eetresse qu\u2019elle n\u2019en\u00a0avait pas, parce qu\u2019elle ne voulait pas la salir !! J\u2019ai bien rigol\u00e9 !<\/em><\/p>\n<p><a href=\"http:\/\/www.3metcie.fr\/wp-content\/uploads\/2015\/09\/P9010073.jpg\" rel=\"lightbox[2799]\"><img loading=\"lazy\" decoding=\"async\" class=\"aligncenter wp-image-2800 size-full\" src=\"http:\/\/www.3metcie.fr\/wp-content\/uploads\/2015\/09\/P9010073.jpg\" alt=\"\" width=\"800\" height=\"600\" srcset=\"https:\/\/www.3metcie.fr\/wp-content\/uploads\/2015\/09\/P9010073.jpg 800w, https:\/\/www.3metcie.fr\/wp-content\/uploads\/2015\/09\/P9010073-250x188.jpg 250w, https:\/\/www.3metcie.fr\/wp-content\/uploads\/2015\/09\/P9010073-600x450.jpg 600w\" sizes=\"auto, (max-width: 800px) 100vw, 800px\" \/><\/a><\/p>\n<p><img loading=\"lazy\" decoding=\"async\" class=\"size-full wp-image-2801\" src=\"https:\/\/www.3metcie.fr\/wp-content\/uploads\/2015\/09\/P9010074.jpg\" alt=\"\" width=\"800\" height=\"600\" srcset=\"https:\/\/www.3metcie.fr\/wp-content\/uploads\/2015\/09\/P9010074.jpg 800w, https:\/\/www.3metcie.fr\/wp-content\/uploads\/2015\/09\/P9010074-250x188.jpg 250w, https:\/\/www.3metcie.fr\/wp-content\/uploads\/2015\/09\/P9010074-600x450.jpg 600w\" sizes=\"auto, (max-width: 800px) 100vw, 800px\" \/><\/p>\n<p><a href=\"http:\/\/www.3metcie.fr\/wp-content\/uploads\/2015\/09\/P9010077.jpg\" rel=\"lightbox[2799]\"><img loading=\"lazy\" decoding=\"async\" class=\"aligncenter wp-image-2802 size-full\" src=\"http:\/\/www.3metcie.fr\/wp-content\/uploads\/2015\/09\/P9010077.jpg\" alt=\"\" width=\"800\" height=\"600\" srcset=\"https:\/\/www.3metcie.fr\/wp-content\/uploads\/2015\/09\/P9010077.jpg 800w, https:\/\/www.3metcie.fr\/wp-content\/uploads\/2015\/09\/P9010077-250x188.jpg 250w, https:\/\/www.3metcie.fr\/wp-content\/uploads\/2015\/09\/P9010077-600x450.jpg 600w\" sizes=\"auto, (max-width: 800px) 100vw, 800px\" \/><\/a><\/p>\n<p style=\"text-align: justify;\"><em><span style=\"text-decoration: underline;\">Patron<\/span> : Tuto du bavoir \u00e0 \u00e9lastique de <a href=\"http:\/\/www.uneaiguilledansunebottedefoin.com\/article-tuto-du-bavoir-a-elastique-56918917.html\" target=\"_blank\" rel=\"noopener\">Une aiguille dans une botte de foin<\/a>. Le tuto est nickel, je les trouvejuste \u00e0 peine assez large, j\u2019ajouterais quelques centim\u00e8tres la prochaine fois s\u2019il y a. Eponge en stock, jolis tissus imprim\u00e9s en stock et biais \u00e9toil\u00e9 offert par <a href=\"http:\/\/tathildecreation.canalblog.com\/\" target=\"_blank\" rel=\"noopener\">Ta\u2019Thilde<\/a> lors de notre premier \u00e9change.<\/em><\/p>\n<p style=\"text-align: justify;\">\u00a0<\/p>\n<p style=\"text-align: justify;\">La brodeuse \u00e9tant de sortie, ma grande en a profit\u00e9 aussi, nous avons brod\u00e9 ses nouvelles serviettes de table (sans \u00e9lastique cette fois). Elle a choisi ses motifs dans le r\u00e9pertoire de ma brodeuse et ses\u00a0couleurs, selon celles en stock. J\u2019aime beaucoup la petite branche en fleurs.<\/p>\n<p><a href=\"http:\/\/www.3metcie.fr\/wp-content\/uploads\/2015\/09\/P9060143.jpg\" rel=\"lightbox[2799]\"><img loading=\"lazy\" decoding=\"async\" class=\"aligncenter wp-image-2806 size-full\" src=\"http:\/\/www.3metcie.fr\/wp-content\/uploads\/2015\/09\/P9060143.jpg\" alt=\"\" width=\"800\" height=\"600\" srcset=\"https:\/\/www.3metcie.fr\/wp-content\/uploads\/2015\/09\/P9060143.jpg 800w, https:\/\/www.3metcie.fr\/wp-content\/uploads\/2015\/09\/P9060143-250x188.jpg 250w, https:\/\/www.3metcie.fr\/wp-content\/uploads\/2015\/09\/P9060143-600x450.jpg 600w\" sizes=\"auto, (max-width: 800px) 100vw, 800px\" \/><\/a><\/p>\n<p>\u00a0<\/p>\n\n\n<figure class=\"wp-block-gallery has-nested-images columns-default is-cropped wp-block-gallery-1 is-layout-flex wp-block-gallery-is-layout-flex\"><\/figure>\n\n\n\n<figure class=\"wp-block-gallery has-nested-images columns-default is-cropped wp-block-gallery-2 is-layout-flex wp-block-gallery-is-layout-flex\"><\/figure>\n\n\n\n\n\n\n\n\n\n\n","protected":false},"excerpt":{"rendered":"<p>Pour la rentr\u00e9e et les premi\u00e8res fois \u00e0 la cantine de ma mini-poulette, j\u2019ai eu envie de lui coudre des serviettes \u00e9lastiqu\u00e9es, peut-\u00eatre histoire qu\u2019un [&#8230;]<\/p>\n","protected":false},"author":2,"featured_media":2800,"comment_status":"open","ping_status":"closed","sticky":false,"template":"","format":"standard","meta":{"footnotes":""},"categories":[4,18,12],"tags":[69,111],"class_list":["post-2799","post","type-post","status-publish","format-standard","has-post-thumbnail","hentry","category-couture","category-pour-ma-grande-m","category-pour-mini-m","tag-bavoir","tag-serviette"],"_links":{"self":[{"href":"https:\/\/www.3metcie.fr\/index.php\/wp-json\/wp\/v2\/posts\/2799","targetHints":{"allow":["GET"]}}],"collection":[{"href":"https:\/\/www.3metcie.fr\/index.php\/wp-json\/wp\/v2\/posts"}],"about":[{"href":"https:\/\/www.3metcie.fr\/index.php\/wp-json\/wp\/v2\/types\/post"}],"author":[{"embeddable":true,"href":"https:\/\/www.3metcie.fr\/index.php\/wp-json\/wp\/v2\/users\/2"}],"replies":[{"embeddable":true,"href":"https:\/\/www.3metcie.fr\/index.php\/wp-json\/wp\/v2\/comments?post=2799"}],"version-history":[{"count":1,"href":"https:\/\/www.3metcie.fr\/index.php\/wp-json\/wp\/v2\/posts\/2799\/revisions"}],"predecessor-version":[{"id":5063,"href":"https:\/\/www.3metcie.fr\/index.php\/wp-json\/wp\/v2\/posts\/2799\/revisions\/5063"}],"wp:featuredmedia":[{"embeddable":true,"href":"https:\/\/www.3metcie.fr\/index.php\/wp-json\/wp\/v2\/media\/2800"}],"wp:attachment":[{"href":"https:\/\/www.3metcie.fr\/index.php\/wp-json\/wp\/v2\/media?parent=2799"}],"wp:term":[{"taxonomy":"category","embeddable":true,"href":"https:\/\/www.3metcie.fr\/index.php\/wp-json\/wp\/v2\/categories?post=2799"},{"taxonomy":"post_tag","embeddable":true,"href":"https:\/\/www.3metcie.fr\/index.php\/wp-json\/wp\/v2\/tags?post=2799"}],"curies":[{"name":"wp","href":"https:\/\/api.w.org\/{rel}","templated":true}]}}