{"id":2471,"date":"2015-03-09T16:55:20","date_gmt":"2015-03-09T15:55:20","guid":{"rendered":"http:\/\/www.3metcie.fr\/?p=2471"},"modified":"2017-07-03T20:55:11","modified_gmt":"2017-07-03T18:55:11","slug":"le-gilet-de-ma-grande","status":"publish","type":"post","link":"https:\/\/www.3metcie.fr\/index.php\/2015\/03\/09\/le-gilet-de-ma-grande\/","title":{"rendered":"Le gilet de ma grande"},"content":{"rendered":"<p style=\"text-align: justify;\">Voici la version du gilet France Duval-Stalla pour ma grande. M\u00eames tissus que <a title=\"Snooooods !\" href=\"http:\/\/www.3metcie.fr\/?p=1891\" target=\"_blank\" rel=\"noopener\">son col<\/a> r\u00e9alis\u00e9 il y a quelques temps et quelle porte toujours et encore. Cette fois, je ne l&rsquo;ai pas tripl\u00e9 avec du molleton comme pr\u00e9conis\u00e9. Il se tient moins que <a title=\"Tenue d\u2019hiver pour petite fillette\" href=\"http:\/\/www.3metcie.fr\/?p=2445\" target=\"_blank\" rel=\"noopener\">celui de sa soeur<\/a> mais je l&rsquo;aime mieux comme \u00e7a. Peut \u00eatre que je triplerais\u00a0juste les ailettes pour une prochaine fois car j&rsquo;aime beaucoup le rendu molletonn\u00e9.<\/p>\n<p style=\"text-align: justify;\">Ma grande est ravie, elle a tr\u00e8s envie de le porter mais mon mari trouve que ce n&rsquo;est pas assez chaud sur un tee-shirt manches longues pour la saison\u00a0alors ma fille le porte \u00e0 la maison ou le met dans son sac d&rsquo;\u00e9cole et le porte chez les papi-mamie \u00e0 la sortie de l&rsquo;\u00e9cole. D\u00e8s le printemps, il sera un peu plus de sortie !<\/p>\n<p><a href=\"http:\/\/www.3metcie.fr\/wp-content\/uploads\/2015\/02\/P1010279.jpg\" rel=\"lightbox[2471]\"><img loading=\"lazy\" decoding=\"async\" class=\"aligncenter size-full wp-image-2451\" src=\"http:\/\/www.3metcie.fr\/wp-content\/uploads\/2015\/02\/P1010279.jpg\" alt=\"OLYMPUS DIGITAL CAMERA\" width=\"800\" height=\"600\" srcset=\"https:\/\/www.3metcie.fr\/wp-content\/uploads\/2015\/02\/P1010279.jpg 800w, https:\/\/www.3metcie.fr\/wp-content\/uploads\/2015\/02\/P1010279-250x188.jpg 250w, https:\/\/www.3metcie.fr\/wp-content\/uploads\/2015\/02\/P1010279-600x450.jpg 600w\" sizes=\"auto, (max-width: 800px) 100vw, 800px\" \/><\/a><\/p>\n<p><a href=\"http:\/\/www.3metcie.fr\/wp-content\/uploads\/2015\/02\/P1010281.jpg\" rel=\"lightbox[2471]\"><img loading=\"lazy\" decoding=\"async\" class=\"aligncenter size-full wp-image-2452\" src=\"http:\/\/www.3metcie.fr\/wp-content\/uploads\/2015\/02\/P1010281.jpg\" alt=\"OLYMPUS DIGITAL CAMERA\" width=\"800\" height=\"600\" srcset=\"https:\/\/www.3metcie.fr\/wp-content\/uploads\/2015\/02\/P1010281.jpg 800w, https:\/\/www.3metcie.fr\/wp-content\/uploads\/2015\/02\/P1010281-250x188.jpg 250w, https:\/\/www.3metcie.fr\/wp-content\/uploads\/2015\/02\/P1010281-600x450.jpg 600w\" sizes=\"auto, (max-width: 800px) 100vw, 800px\" \/><\/a><\/p>\n<p><a href=\"http:\/\/www.3metcie.fr\/wp-content\/uploads\/2015\/02\/P1010282.jpg\" rel=\"lightbox[2471]\"><img loading=\"lazy\" decoding=\"async\" class=\"aligncenter size-full wp-image-2453\" src=\"http:\/\/www.3metcie.fr\/wp-content\/uploads\/2015\/02\/P1010282.jpg\" alt=\"OLYMPUS DIGITAL CAMERA\" width=\"800\" height=\"600\" srcset=\"https:\/\/www.3metcie.fr\/wp-content\/uploads\/2015\/02\/P1010282.jpg 800w, https:\/\/www.3metcie.fr\/wp-content\/uploads\/2015\/02\/P1010282-250x188.jpg 250w, https:\/\/www.3metcie.fr\/wp-content\/uploads\/2015\/02\/P1010282-600x450.jpg 600w\" sizes=\"auto, (max-width: 800px) 100vw, 800px\" \/><\/a>Et port\u00e9 par ma grande.<\/p>\n<p><a href=\"http:\/\/www.3metcie.fr\/wp-content\/uploads\/2015\/02\/P1010288.jpg\" rel=\"lightbox[2471]\"><img loading=\"lazy\" decoding=\"async\" class=\"aligncenter wp-image-2454\" src=\"http:\/\/www.3metcie.fr\/wp-content\/uploads\/2015\/02\/P1010288.jpg\" alt=\"OLYMPUS DIGITAL CAMERA\" width=\"497\" height=\"659\" \/><\/a><\/p>\n<p><a href=\"http:\/\/www.3metcie.fr\/wp-content\/uploads\/2015\/02\/P1010293.jpg\" rel=\"lightbox[2471]\"><img loading=\"lazy\" decoding=\"async\" class=\"aligncenter wp-image-2455\" src=\"http:\/\/www.3metcie.fr\/wp-content\/uploads\/2015\/02\/P1010293.jpg\" alt=\"OLYMPUS DIGITAL CAMERA\" width=\"497\" height=\"773\" \/><\/a><em>Patron :\u00a0<strong>Gilet molletonn\u00e9 France Duval-Stalla,<\/strong> taille 8 ans (j&rsquo;ai agrandi le patron d&rsquo;une taille en longueur et largeur), minkee \u00e9toil\u00e9 et sweat fleuri turquoise et rose.\u00a0<\/em><\/p>\n","protected":false},"excerpt":{"rendered":"<p>Voici la version du gilet France Duval-Stalla pour ma grande. M\u00eames tissus que son col r\u00e9alis\u00e9 il y a quelques temps et quelle porte toujours [&#8230;]<\/p>\n","protected":false},"author":2,"featured_media":2451,"comment_status":"open","ping_status":"closed","sticky":false,"template":"","format":"standard","meta":{"footnotes":""},"categories":[4,18],"tags":[77],"class_list":["post-2471","post","type-post","status-publish","format-standard","has-post-thumbnail","hentry","category-couture","category-pour-ma-grande-m","tag-gilet"],"_links":{"self":[{"href":"https:\/\/www.3metcie.fr\/index.php\/wp-json\/wp\/v2\/posts\/2471","targetHints":{"allow":["GET"]}}],"collection":[{"href":"https:\/\/www.3metcie.fr\/index.php\/wp-json\/wp\/v2\/posts"}],"about":[{"href":"https:\/\/www.3metcie.fr\/index.php\/wp-json\/wp\/v2\/types\/post"}],"author":[{"embeddable":true,"href":"https:\/\/www.3metcie.fr\/index.php\/wp-json\/wp\/v2\/users\/2"}],"replies":[{"embeddable":true,"href":"https:\/\/www.3metcie.fr\/index.php\/wp-json\/wp\/v2\/comments?post=2471"}],"version-history":[{"count":0,"href":"https:\/\/www.3metcie.fr\/index.php\/wp-json\/wp\/v2\/posts\/2471\/revisions"}],"wp:featuredmedia":[{"embeddable":true,"href":"https:\/\/www.3metcie.fr\/index.php\/wp-json\/wp\/v2\/media\/2451"}],"wp:attachment":[{"href":"https:\/\/www.3metcie.fr\/index.php\/wp-json\/wp\/v2\/media?parent=2471"}],"wp:term":[{"taxonomy":"category","embeddable":true,"href":"https:\/\/www.3metcie.fr\/index.php\/wp-json\/wp\/v2\/categories?post=2471"},{"taxonomy":"post_tag","embeddable":true,"href":"https:\/\/www.3metcie.fr\/index.php\/wp-json\/wp\/v2\/tags?post=2471"}],"curies":[{"name":"wp","href":"https:\/\/api.w.org\/{rel}","templated":true}]}}